{"id":9824,"date":"2026-01-27T14:22:52","date_gmt":"2026-01-27T13:22:52","guid":{"rendered":"https:\/\/www.myslifepro.co\/?p=9824"},"modified":"2026-01-27T15:00:08","modified_gmt":"2026-01-27T14:00:08","slug":"bilan-2025-my-s-life-sante-des-femmes","status":"publish","type":"post","link":"https:\/\/www.myslife.co\/en\/2026\/01\/bilan-2025-my-s-life-sante-des-femmes\/","title":{"rendered":"Notre ann\u00e9e 2025 en vid\u00e9o : sant\u00e9 des femmes"},"content":{"rendered":"<p><\/p>\n\n\n\n<h2 class=\"wp-block-heading\"><strong>En 2025,&nbsp;My S Life&nbsp;a agi concr\u00e8tement pour la sant\u00e9 des femmes<\/strong><\/h2>\n\n\n\n<p>Parce que la sant\u00e9 hormonale et gyn\u00e9cologique concerne les femmes \u00e0 tout \u00e2ge, My S Life agit depuis plusieurs ann\u00e9es pour rendre visibles des r\u00e9alit\u00e9s encore trop souvent ignor\u00e9es.<\/p>\n\n\n\n<p>Aujourd\u2019hui :<\/p>\n\n\n\n<ul class=\"wp-block-list\">\n<li><strong>1 femme sur 3 souffre d\u2019une maladie gyn\u00e9cologique chronique<\/strong>,<\/li>\n\n\n\n<li>les femmes auront leurs r\u00e8gles pendant pr\u00e8s de&nbsp;<strong>29 ans de leur vie professionnelle<\/strong>,<\/li>\n\n\n\n<li><strong>deux tiers des femmes actives de 40 \u00e0 60 ans<\/strong>&nbsp;en France sont m\u00e9nopaus\u00e9es.<\/li>\n<\/ul>\n\n\n\n<p>De plus en plus d\u2019\u00e9tudes montrent que ces r\u00e9alit\u00e9s ont un impact direct sur le quotidien,&nbsp;<strong>\u00e0 la fois dans la vie personnelle et dans la vie professionnelle<\/strong>. Difficult\u00e9s \u00e0 concilier soins m\u00e9dicaux et travail, fatigue, douleurs ou renoncements professionnels restent fr\u00e9quents.<\/p>\n\n\n\n<p>Chez My S Life, nous accompagnons les femmes pour&nbsp;<strong>briser les tabous de la sant\u00e9 intime<\/strong>,&nbsp;<strong>rompre l\u2019isolement<\/strong>&nbsp;and&nbsp;<strong>faciliter l\u2019acc\u00e8s aux soins<\/strong>, gr\u00e2ce \u00e0 des dispositifs concrets.<\/p>\n\n\n\n<div style=\"height:58px\" aria-hidden=\"true\" class=\"wp-block-spacer\"><\/div>\n\n\n\n<p><\/p>\n\n\n\n<h2 class=\"wp-block-heading\"><strong>En 2025, My S Life est pass\u00e9e \u00e0 l\u2019action<\/strong><\/h2>\n\n\n\n<h4 class=\"wp-block-heading\">Informer autrement et lib\u00e9rer la parole<\/h4>\n\n\n\n<p>En 2025, My S Life a abord\u00e9 la m\u00e9nopause autrement, en organisant des&nbsp;<strong>projections-d\u00e9bats partout en France<\/strong>. Ces temps d\u2019\u00e9change ont permis d\u2019informer, de partager des exp\u00e9riences et de lib\u00e9rer la parole autour d\u2019un sujet encore trop souvent tabou, notamment \u00e0 travers la saison 1 de&nbsp;<em>La M\u00e9nopause fait son cin\u00e9ma<\/em>, diffus\u00e9e dans l\u2019\u00e9mission&nbsp;<em>Belle &amp; Bien<\/em>.<\/p>\n\n\n\n<p>My S Life a \u00e9galement particip\u00e9 \u00e0 la campagne&nbsp;<strong>\u00ab Plus j\u2019en sais, mieux je me sens \u00bb<\/strong>, afin d\u2019aider les femmes \u00e0 mieux comprendre leur corps tout au long de leur vie, en lien avec des acteurs engag\u00e9s de la sant\u00e9 intime.<\/p>\n\n\n\n<h4 class=\"wp-block-heading\">Accompagner face aux situations de violences<\/h4>\n\n\n\n<p>En 2025, My S Life a mis en place&nbsp;<strong>dans son application un service d\u2019accompagnement et d\u2019\u00e9coute pour les femmes victimes de violences<\/strong>, afin de r\u00e9pondre \u00e0 un besoin identifi\u00e9 par les utilisatrices.<\/p>\n\n\n\n<p>Ce dispositif permet un accompagnement individuel, en lien avec des structures expertes, pour accompagner les femmes et les orienter vers des solutions adapt\u00e9es.<\/p>\n\n\n\n<div style=\"height:58px\" aria-hidden=\"true\" class=\"wp-block-spacer\"><\/div>\n\n\n\n<h2 class=\"wp-block-heading\"><strong>La sant\u00e9 des femmes, un sujet de sant\u00e9 publique<\/strong><\/h2>\n\n\n\n<p>L\u2019ann\u00e9e 2025 a \u00e9galement permis de mettre en lumi\u00e8re des sujets longtemps invisibilis\u00e9s :&nbsp;<strong>endom\u00e9triose, fertilit\u00e9, m\u00e9nopause, fibromes ut\u00e9rins, SOPK<\/strong>.<\/p>\n\n\n\n<p>My S Life a contribu\u00e9 \u00e0 faire avancer le d\u00e9bat public en jouant un r\u00f4le f\u00e9d\u00e9rateur. Pour la premi\u00e8re fois,&nbsp;<strong>\u00e9lues, repr\u00e9sentantes de patientes et professionnelles des Ressources Humaines<\/strong>&nbsp;ont \u00e9t\u00e9 r\u00e9unies autour de tables rondes afin de croiser les regards et de faire \u00e9merger des pistes d\u2019action concr\u00e8tes.<\/p>\n\n\n\n<p>Cet engagement a \u00e9t\u00e9 reconnu par la citation de My S Life dans le&nbsp;<strong>Rapport sur la m\u00e9nopause<\/strong>, port\u00e9 par St\u00e9phanie Rist.<\/p>\n\n\n\n<p>R\u00e9f\u00e9renc\u00e9e sur&nbsp;<strong>Mon Espace Sant\u00e9<\/strong>&nbsp;depuis 2023, My S Life a \u00e9galement particip\u00e9 aux&nbsp;<strong>Vitale Days<\/strong>, aux c\u00f4t\u00e9s des acteurs de la transformation du num\u00e9rique en sant\u00e9.<\/p>\n\n\n\n<div style=\"height:58px\" aria-hidden=\"true\" class=\"wp-block-spacer\"><\/div>\n\n\n\n<h2 class=\"wp-block-heading\"><strong>En 2025, la sant\u00e9 des femmes est entr\u00e9e en entreprise<\/strong><\/h2>\n\n\n\n<p>La mobilisation du monde professionnel s\u2019est renforc\u00e9e.<\/p>\n\n\n\n<p>Aujourd\u2019hui,&nbsp;<strong>66 % des employeurs reconnaissent que la sant\u00e9 des femmes est un levier strat\u00e9gique RH<\/strong>.<\/p>\n\n\n\n<p>En 2025, My S Life a affirm\u00e9 son r\u00f4le d\u2019expert pour accompagner cette transformation, avec des outils simples et efficaces, pens\u00e9s pour les r\u00e9alit\u00e9s des organisations.<\/p>\n\n\n\n<p>Cette d\u00e9marche a \u00e9t\u00e9 reconnue par l\u2019obtention du&nbsp;<strong>Troph\u00e9e Coup de C\u0153ur du Jury \u2013 Troph\u00e9es D\u00e9fis RSE<\/strong>, saluant l\u2019impact et la l\u00e9gitimit\u00e9 de l\u2019action men\u00e9e en faveur de l\u2019\u00e9galit\u00e9 professionnelle.<\/p>\n\n\n\n<p>My S Life a \u00e9galement cr\u00e9\u00e9&nbsp;<strong>un outil in\u00e9dit<\/strong>&nbsp;permettant aux ressources humaines de mesurer l\u2019inclusion en sant\u00e9 des femmes au sein des organisations et d\u2019engager une d\u00e9marche structur\u00e9e. De nombreuses organisations, issues de secteurs vari\u00e9s, ont d\u00e9j\u00e0 choisi de faire confiance \u00e0 My S Life.<\/p>\n\n\n\n<p><\/p>\n\n\n\n<p><\/p>\n\n\n\n<h2 class=\"wp-block-heading\">Et en 2026 ?<\/h2>\n\n\n\n<p>En 2026, My S Life poursuivra son engagement :<\/p>\n\n\n\n<ul class=\"wp-block-list\">\n<li><strong>aux c\u00f4t\u00e9s des femmes<\/strong>,<\/li>\n\n\n\n<li><strong>pour enrichir le d\u00e9bat public<\/strong>,<\/li>\n\n\n\n<li><strong>et pour agir avec les entreprises<\/strong>.<\/li>\n<\/ul>\n\n\n\n<p>\u27a1\ufe0f\u00a0<strong>Rejoignez le mouvement. Rejoignez la communaut\u00e9 My S Life.<\/strong><\/p>\n\n\n\n<div style=\"height:100px\" aria-hidden=\"true\" class=\"wp-block-spacer\"><\/div>\n\n\n\n<p><\/p>\n\n\n\n<figure class=\"wp-block-embed is-type-video is-provider-youtube wp-block-embed-youtube wp-embed-aspect-16-9 wp-has-aspect-ratio\"><div class=\"wp-block-embed__wrapper\">\n<iframe title=\"Rejoignez le mouvement My S Life\" width=\"750\" height=\"422\" src=\"https:\/\/www.youtube.com\/embed\/H3lRMz2W5Ac?feature=oembed\" frameborder=\"0\" allow=\"accelerometer; autoplay; clipboard-write; encrypted-media; gyroscope; picture-in-picture; web-share\" referrerpolicy=\"strict-origin-when-cross-origin\" allowfullscreen><\/iframe>\n<\/div><\/figure>","protected":false},"excerpt":{"rendered":"<p>En 2025,&nbsp;My S Life&nbsp;a agi concr\u00e8tement pour la sant\u00e9 des femmes Parce que la sant\u00e9 hormonale et gyn\u00e9cologique concerne les femmes \u00e0 tout \u00e2ge, My S Life agit depuis plusieurs ann\u00e9es pour rendre visibles des r\u00e9alit\u00e9s encore trop souvent ignor\u00e9es. Aujourd\u2019hui : De plus en plus d\u2019\u00e9tudes montrent que ces [&hellip;]<\/p>\n","protected":false},"author":892,"featured_media":9825,"comment_status":"closed","ping_status":"open","sticky":false,"template":"","format":"standard","meta":{"_acf_changed":false,"footnotes":""},"categories":[65,66],"tags":[],"class_list":["post-9824","post","type-post","status-publish","format-standard","has-post-thumbnail","hentry","category-actualite","category-sorties-culturelles"],"acf":[],"yoast_head":"<!-- This site is optimized with the Yoast SEO plugin v27.3 - https:\/\/yoast.com\/product\/yoast-seo-wordpress\/ -->\n<title>Notre ann\u00e9e 2025 en vid\u00e9o : Sant\u00e9 des femmes<\/title>\n<meta name=\"description\" content=\"D\u00e9couvrez en vid\u00e9o les actions men\u00e9es par My S Life en 2025 pour la sant\u00e9 des femmes : pr\u00e9vention, accompagnement et engagement en entreprise.\" \/>\n<meta name=\"robots\" content=\"index, follow, max-snippet:-1, max-image-preview:large, max-video-preview:-1\" \/>\n<link rel=\"canonical\" href=\"https:\/\/www.myslife.co\/en\/2026\/01\/bilan-2025-my-s-life-sante-des-femmes\/\" \/>\n<meta property=\"og:locale\" content=\"en_GB\" \/>\n<meta property=\"og:type\" content=\"article\" \/>\n<meta property=\"og:title\" content=\"Notre ann\u00e9e 2025 en vid\u00e9o : Sant\u00e9 des femmes\" \/>\n<meta property=\"og:description\" content=\"D\u00e9couvrez en vid\u00e9o les actions men\u00e9es par My S Life en 2025 pour la sant\u00e9 des femmes : pr\u00e9vention, accompagnement et engagement en entreprise.\" \/>\n<meta property=\"og:url\" content=\"https:\/\/www.myslife.co\/en\/2026\/01\/bilan-2025-my-s-life-sante-des-femmes\/\" \/>\n<meta property=\"og:site_name\" content=\"My S Life\" \/>\n<meta property=\"article:publisher\" content=\"https:\/\/www.facebook.com\/hellomyslife\/\" \/>\n<meta property=\"article:published_time\" content=\"2026-01-27T13:22:52+00:00\" \/>\n<meta property=\"article:modified_time\" content=\"2026-01-27T14:00:08+00:00\" \/>\n<meta property=\"og:image\" content=\"https:\/\/www.myslife.co\/wp-content\/uploads\/2026\/01\/Gradient-Blue-Minimalist-Business-Advertising-YouTube-Intro-Video.jpg\" \/>\n\t<meta property=\"og:image:width\" content=\"1920\" \/>\n\t<meta property=\"og:image:height\" content=\"1080\" \/>\n\t<meta property=\"og:image:type\" content=\"image\/jpeg\" \/>\n<meta name=\"author\" content=\"Christelle\" \/>\n<meta name=\"twitter:card\" content=\"summary_large_image\" \/>\n<meta name=\"twitter:label1\" content=\"Written by\" \/>\n\t<meta name=\"twitter:data1\" content=\"Christelle\" \/>\n\t<meta name=\"twitter:label2\" content=\"Estimated reading time\" \/>\n\t<meta name=\"twitter:data2\" content=\"4 minutes\" \/>\n<script type=\"application\/ld+json\" class=\"yoast-schema-graph\">{\"@context\":\"https:\\\/\\\/schema.org\",\"@graph\":[{\"@type\":\"Article\",\"@id\":\"https:\\\/\\\/www.myslife.co\\\/2026\\\/01\\\/bilan-2025-my-s-life-sante-des-femmes\\\/#article\",\"isPartOf\":{\"@id\":\"https:\\\/\\\/www.myslife.co\\\/2026\\\/01\\\/bilan-2025-my-s-life-sante-des-femmes\\\/\"},\"author\":{\"name\":\"Christelle\",\"@id\":\"https:\\\/\\\/www.myslife.co\\\/#\\\/schema\\\/person\\\/b7a1d8590b9bc5c57b9a3140f67c9c42\"},\"headline\":\"Notre ann\u00e9e 2025 en vid\u00e9o : sant\u00e9 des femmes\",\"datePublished\":\"2026-01-27T13:22:52+00:00\",\"dateModified\":\"2026-01-27T14:00:08+00:00\",\"mainEntityOfPage\":{\"@id\":\"https:\\\/\\\/www.myslife.co\\\/2026\\\/01\\\/bilan-2025-my-s-life-sante-des-femmes\\\/\"},\"wordCount\":734,\"publisher\":{\"@id\":\"https:\\\/\\\/www.myslife.co\\\/#organization\"},\"image\":{\"@id\":\"https:\\\/\\\/www.myslife.co\\\/2026\\\/01\\\/bilan-2025-my-s-life-sante-des-femmes\\\/#primaryimage\"},\"thumbnailUrl\":\"https:\\\/\\\/www.myslife.co\\\/wp-content\\\/uploads\\\/2026\\\/01\\\/Gradient-Blue-Minimalist-Business-Advertising-YouTube-Intro-Video.jpg\",\"articleSection\":[\"Actualit\u00e9\",\"Sorties culturelles\"],\"inLanguage\":\"en-GB\"},{\"@type\":\"WebPage\",\"@id\":\"https:\\\/\\\/www.myslife.co\\\/2026\\\/01\\\/bilan-2025-my-s-life-sante-des-femmes\\\/\",\"url\":\"https:\\\/\\\/www.myslife.co\\\/2026\\\/01\\\/bilan-2025-my-s-life-sante-des-femmes\\\/\",\"name\":\"Notre ann\u00e9e 2025 en vid\u00e9o : Sant\u00e9 des femmes\",\"isPartOf\":{\"@id\":\"https:\\\/\\\/www.myslife.co\\\/#website\"},\"primaryImageOfPage\":{\"@id\":\"https:\\\/\\\/www.myslife.co\\\/2026\\\/01\\\/bilan-2025-my-s-life-sante-des-femmes\\\/#primaryimage\"},\"image\":{\"@id\":\"https:\\\/\\\/www.myslife.co\\\/2026\\\/01\\\/bilan-2025-my-s-life-sante-des-femmes\\\/#primaryimage\"},\"thumbnailUrl\":\"https:\\\/\\\/www.myslife.co\\\/wp-content\\\/uploads\\\/2026\\\/01\\\/Gradient-Blue-Minimalist-Business-Advertising-YouTube-Intro-Video.jpg\",\"datePublished\":\"2026-01-27T13:22:52+00:00\",\"dateModified\":\"2026-01-27T14:00:08+00:00\",\"description\":\"D\u00e9couvrez en vid\u00e9o les actions men\u00e9es par My S Life en 2025 pour la sant\u00e9 des femmes : pr\u00e9vention, accompagnement et engagement en entreprise.\",\"breadcrumb\":{\"@id\":\"https:\\\/\\\/www.myslife.co\\\/2026\\\/01\\\/bilan-2025-my-s-life-sante-des-femmes\\\/#breadcrumb\"},\"inLanguage\":\"en-GB\",\"potentialAction\":[{\"@type\":\"ReadAction\",\"target\":[\"https:\\\/\\\/www.myslife.co\\\/2026\\\/01\\\/bilan-2025-my-s-life-sante-des-femmes\\\/\"]}]},{\"@type\":\"ImageObject\",\"inLanguage\":\"en-GB\",\"@id\":\"https:\\\/\\\/www.myslife.co\\\/2026\\\/01\\\/bilan-2025-my-s-life-sante-des-femmes\\\/#primaryimage\",\"url\":\"https:\\\/\\\/www.myslife.co\\\/wp-content\\\/uploads\\\/2026\\\/01\\\/Gradient-Blue-Minimalist-Business-Advertising-YouTube-Intro-Video.jpg\",\"contentUrl\":\"https:\\\/\\\/www.myslife.co\\\/wp-content\\\/uploads\\\/2026\\\/01\\\/Gradient-Blue-Minimalist-Business-Advertising-YouTube-Intro-Video.jpg\",\"width\":1920,\"height\":1080},{\"@type\":\"BreadcrumbList\",\"@id\":\"https:\\\/\\\/www.myslife.co\\\/2026\\\/01\\\/bilan-2025-my-s-life-sante-des-femmes\\\/#breadcrumb\",\"itemListElement\":[{\"@type\":\"ListItem\",\"position\":1,\"name\":\"Accueil\",\"item\":\"https:\\\/\\\/www.myslife.co\\\/\"},{\"@type\":\"ListItem\",\"position\":2,\"name\":\"Notre ann\u00e9e 2025 en vid\u00e9o : sant\u00e9 des femmes\"}]},{\"@type\":\"WebSite\",\"@id\":\"https:\\\/\\\/www.myslife.co\\\/#website\",\"url\":\"https:\\\/\\\/www.myslife.co\\\/\",\"name\":\"My S Life\",\"description\":\"Reprenez le pouvoir sur votre sant\u00e9 intime\",\"publisher\":{\"@id\":\"https:\\\/\\\/www.myslife.co\\\/#organization\"},\"potentialAction\":[{\"@type\":\"SearchAction\",\"target\":{\"@type\":\"EntryPoint\",\"urlTemplate\":\"https:\\\/\\\/www.myslife.co\\\/?s={search_term_string}\"},\"query-input\":{\"@type\":\"PropertyValueSpecification\",\"valueRequired\":true,\"valueName\":\"search_term_string\"}}],\"inLanguage\":\"en-GB\"},{\"@type\":\"Organization\",\"@id\":\"https:\\\/\\\/www.myslife.co\\\/#organization\",\"name\":\"My S Life\",\"url\":\"https:\\\/\\\/www.myslife.co\\\/\",\"logo\":{\"@type\":\"ImageObject\",\"inLanguage\":\"en-GB\",\"@id\":\"https:\\\/\\\/www.myslife.co\\\/#\\\/schema\\\/logo\\\/image\\\/\",\"url\":\"https:\\\/\\\/www.myslifepro.co\\\/wp-content\\\/uploads\\\/2021\\\/12\\\/Logo-App.jpg\",\"contentUrl\":\"https:\\\/\\\/www.myslifepro.co\\\/wp-content\\\/uploads\\\/2021\\\/12\\\/Logo-App.jpg\",\"width\":180,\"height\":180,\"caption\":\"My S Life\"},\"image\":{\"@id\":\"https:\\\/\\\/www.myslife.co\\\/#\\\/schema\\\/logo\\\/image\\\/\"},\"sameAs\":[\"https:\\\/\\\/www.facebook.com\\\/hellomyslife\\\/\",\"https:\\\/\\\/www.instagram.com\\\/ilovemyslife\\\/\"]},{\"@type\":\"Person\",\"@id\":\"https:\\\/\\\/www.myslife.co\\\/#\\\/schema\\\/person\\\/b7a1d8590b9bc5c57b9a3140f67c9c42\",\"name\":\"Christelle\",\"image\":{\"@type\":\"ImageObject\",\"inLanguage\":\"en-GB\",\"@id\":\"https:\\\/\\\/secure.gravatar.com\\\/avatar\\\/77aeba2b61c09ad10a30db3dd23b3cad05eaf69e59be22209bd4aae2ddcddaa7?s=96&d=mm&r=g\",\"url\":\"https:\\\/\\\/secure.gravatar.com\\\/avatar\\\/77aeba2b61c09ad10a30db3dd23b3cad05eaf69e59be22209bd4aae2ddcddaa7?s=96&d=mm&r=g\",\"contentUrl\":\"https:\\\/\\\/secure.gravatar.com\\\/avatar\\\/77aeba2b61c09ad10a30db3dd23b3cad05eaf69e59be22209bd4aae2ddcddaa7?s=96&d=mm&r=g\",\"caption\":\"Christelle\"}}]}<\/script>\n<!-- \/ Yoast SEO plugin. -->","yoast_head_json":{"title":"Notre ann\u00e9e 2025 en vid\u00e9o : Sant\u00e9 des femmes","description":"D\u00e9couvrez en vid\u00e9o les actions men\u00e9es par My S Life en 2025 pour la sant\u00e9 des femmes : pr\u00e9vention, accompagnement et engagement en entreprise.","robots":{"index":"index","follow":"follow","max-snippet":"max-snippet:-1","max-image-preview":"max-image-preview:large","max-video-preview":"max-video-preview:-1"},"canonical":"https:\/\/www.myslife.co\/en\/2026\/01\/bilan-2025-my-s-life-sante-des-femmes\/","og_locale":"en_GB","og_type":"article","og_title":"Notre ann\u00e9e 2025 en vid\u00e9o : Sant\u00e9 des femmes","og_description":"D\u00e9couvrez en vid\u00e9o les actions men\u00e9es par My S Life en 2025 pour la sant\u00e9 des femmes : pr\u00e9vention, accompagnement et engagement en entreprise.","og_url":"https:\/\/www.myslife.co\/en\/2026\/01\/bilan-2025-my-s-life-sante-des-femmes\/","og_site_name":"My S Life","article_publisher":"https:\/\/www.facebook.com\/hellomyslife\/","article_published_time":"2026-01-27T13:22:52+00:00","article_modified_time":"2026-01-27T14:00:08+00:00","og_image":[{"width":1920,"height":1080,"url":"https:\/\/www.myslife.co\/wp-content\/uploads\/2026\/01\/Gradient-Blue-Minimalist-Business-Advertising-YouTube-Intro-Video.jpg","type":"image\/jpeg"}],"author":"Christelle","twitter_card":"summary_large_image","twitter_misc":{"Written by":"Christelle","Estimated reading time":"4 minutes"},"schema":{"@context":"https:\/\/schema.org","@graph":[{"@type":"Article","@id":"https:\/\/www.myslife.co\/2026\/01\/bilan-2025-my-s-life-sante-des-femmes\/#article","isPartOf":{"@id":"https:\/\/www.myslife.co\/2026\/01\/bilan-2025-my-s-life-sante-des-femmes\/"},"author":{"name":"Christelle","@id":"https:\/\/www.myslife.co\/#\/schema\/person\/b7a1d8590b9bc5c57b9a3140f67c9c42"},"headline":"Notre ann\u00e9e 2025 en vid\u00e9o : sant\u00e9 des femmes","datePublished":"2026-01-27T13:22:52+00:00","dateModified":"2026-01-27T14:00:08+00:00","mainEntityOfPage":{"@id":"https:\/\/www.myslife.co\/2026\/01\/bilan-2025-my-s-life-sante-des-femmes\/"},"wordCount":734,"publisher":{"@id":"https:\/\/www.myslife.co\/#organization"},"image":{"@id":"https:\/\/www.myslife.co\/2026\/01\/bilan-2025-my-s-life-sante-des-femmes\/#primaryimage"},"thumbnailUrl":"https:\/\/www.myslife.co\/wp-content\/uploads\/2026\/01\/Gradient-Blue-Minimalist-Business-Advertising-YouTube-Intro-Video.jpg","articleSection":["Actualit\u00e9","Sorties culturelles"],"inLanguage":"en-GB"},{"@type":"WebPage","@id":"https:\/\/www.myslife.co\/2026\/01\/bilan-2025-my-s-life-sante-des-femmes\/","url":"https:\/\/www.myslife.co\/2026\/01\/bilan-2025-my-s-life-sante-des-femmes\/","name":"Notre ann\u00e9e 2025 en vid\u00e9o : Sant\u00e9 des femmes","isPartOf":{"@id":"https:\/\/www.myslife.co\/#website"},"primaryImageOfPage":{"@id":"https:\/\/www.myslife.co\/2026\/01\/bilan-2025-my-s-life-sante-des-femmes\/#primaryimage"},"image":{"@id":"https:\/\/www.myslife.co\/2026\/01\/bilan-2025-my-s-life-sante-des-femmes\/#primaryimage"},"thumbnailUrl":"https:\/\/www.myslife.co\/wp-content\/uploads\/2026\/01\/Gradient-Blue-Minimalist-Business-Advertising-YouTube-Intro-Video.jpg","datePublished":"2026-01-27T13:22:52+00:00","dateModified":"2026-01-27T14:00:08+00:00","description":"D\u00e9couvrez en vid\u00e9o les actions men\u00e9es par My S Life en 2025 pour la sant\u00e9 des femmes : pr\u00e9vention, accompagnement et engagement en entreprise.","breadcrumb":{"@id":"https:\/\/www.myslife.co\/2026\/01\/bilan-2025-my-s-life-sante-des-femmes\/#breadcrumb"},"inLanguage":"en-GB","potentialAction":[{"@type":"ReadAction","target":["https:\/\/www.myslife.co\/2026\/01\/bilan-2025-my-s-life-sante-des-femmes\/"]}]},{"@type":"ImageObject","inLanguage":"en-GB","@id":"https:\/\/www.myslife.co\/2026\/01\/bilan-2025-my-s-life-sante-des-femmes\/#primaryimage","url":"https:\/\/www.myslife.co\/wp-content\/uploads\/2026\/01\/Gradient-Blue-Minimalist-Business-Advertising-YouTube-Intro-Video.jpg","contentUrl":"https:\/\/www.myslife.co\/wp-content\/uploads\/2026\/01\/Gradient-Blue-Minimalist-Business-Advertising-YouTube-Intro-Video.jpg","width":1920,"height":1080},{"@type":"BreadcrumbList","@id":"https:\/\/www.myslife.co\/2026\/01\/bilan-2025-my-s-life-sante-des-femmes\/#breadcrumb","itemListElement":[{"@type":"ListItem","position":1,"name":"Accueil","item":"https:\/\/www.myslife.co\/"},{"@type":"ListItem","position":2,"name":"Notre ann\u00e9e 2025 en vid\u00e9o : sant\u00e9 des femmes"}]},{"@type":"WebSite","@id":"https:\/\/www.myslife.co\/#website","url":"https:\/\/www.myslife.co\/","name":"My S Life","description":"Reprenez le pouvoir sur votre sant\u00e9 intime","publisher":{"@id":"https:\/\/www.myslife.co\/#organization"},"potentialAction":[{"@type":"SearchAction","target":{"@type":"EntryPoint","urlTemplate":"https:\/\/www.myslife.co\/?s={search_term_string}"},"query-input":{"@type":"PropertyValueSpecification","valueRequired":true,"valueName":"search_term_string"}}],"inLanguage":"en-GB"},{"@type":"Organization","@id":"https:\/\/www.myslife.co\/#organization","name":"My S Life","url":"https:\/\/www.myslife.co\/","logo":{"@type":"ImageObject","inLanguage":"en-GB","@id":"https:\/\/www.myslife.co\/#\/schema\/logo\/image\/","url":"https:\/\/www.myslifepro.co\/wp-content\/uploads\/2021\/12\/Logo-App.jpg","contentUrl":"https:\/\/www.myslifepro.co\/wp-content\/uploads\/2021\/12\/Logo-App.jpg","width":180,"height":180,"caption":"My S Life"},"image":{"@id":"https:\/\/www.myslife.co\/#\/schema\/logo\/image\/"},"sameAs":["https:\/\/www.facebook.com\/hellomyslife\/","https:\/\/www.instagram.com\/ilovemyslife\/"]},{"@type":"Person","@id":"https:\/\/www.myslife.co\/#\/schema\/person\/b7a1d8590b9bc5c57b9a3140f67c9c42","name":"Christelle","image":{"@type":"ImageObject","inLanguage":"en-GB","@id":"https:\/\/secure.gravatar.com\/avatar\/77aeba2b61c09ad10a30db3dd23b3cad05eaf69e59be22209bd4aae2ddcddaa7?s=96&d=mm&r=g","url":"https:\/\/secure.gravatar.com\/avatar\/77aeba2b61c09ad10a30db3dd23b3cad05eaf69e59be22209bd4aae2ddcddaa7?s=96&d=mm&r=g","contentUrl":"https:\/\/secure.gravatar.com\/avatar\/77aeba2b61c09ad10a30db3dd23b3cad05eaf69e59be22209bd4aae2ddcddaa7?s=96&d=mm&r=g","caption":"Christelle"}}]}},"_links":{"self":[{"href":"https:\/\/www.myslife.co\/en\/wp-json\/wp\/v2\/posts\/9824","targetHints":{"allow":["GET"]}}],"collection":[{"href":"https:\/\/www.myslife.co\/en\/wp-json\/wp\/v2\/posts"}],"about":[{"href":"https:\/\/www.myslife.co\/en\/wp-json\/wp\/v2\/types\/post"}],"author":[{"embeddable":true,"href":"https:\/\/www.myslife.co\/en\/wp-json\/wp\/v2\/users\/892"}],"replies":[{"embeddable":true,"href":"https:\/\/www.myslife.co\/en\/wp-json\/wp\/v2\/comments?post=9824"}],"version-history":[{"count":11,"href":"https:\/\/www.myslife.co\/en\/wp-json\/wp\/v2\/posts\/9824\/revisions"}],"predecessor-version":[{"id":9841,"href":"https:\/\/www.myslife.co\/en\/wp-json\/wp\/v2\/posts\/9824\/revisions\/9841"}],"wp:featuredmedia":[{"embeddable":true,"href":"https:\/\/www.myslife.co\/en\/wp-json\/wp\/v2\/media\/9825"}],"wp:attachment":[{"href":"https:\/\/www.myslife.co\/en\/wp-json\/wp\/v2\/media?parent=9824"}],"wp:term":[{"taxonomy":"category","embeddable":true,"href":"https:\/\/www.myslife.co\/en\/wp-json\/wp\/v2\/categories?post=9824"},{"taxonomy":"post_tag","embeddable":true,"href":"https:\/\/www.myslife.co\/en\/wp-json\/wp\/v2\/tags?post=9824"}],"curies":[{"name":"wp","href":"https:\/\/api.w.org\/{rel}","templated":true}]}}